{"id":4183,"date":"2021-05-23T06:35:32","date_gmt":"2021-05-23T06:35:32","guid":{"rendered":"https:\/\/www.hwtclinic.com\/blog\/en\/seborrheic-dermatitis-hair-loss-2\/"},"modified":"2023-03-06T07:49:09","modified_gmt":"2023-03-06T07:49:09","slug":"dermatita-seboreica-caderea-parului","status":"publish","type":"post","link":"https:\/\/www.hwtclinic.com\/blog\/ro\/dermatita-seboreica-caderea-parului\/","title":{"rendered":"Dermatita seboreica Caderea parului"},"content":{"rendered":"<h2>Ce este dermatita seboreic\u0103?<\/h2>\n<p>\u00cen calitate de echip\u0103 a clinicii HWT, vom discuta despre c\u0103derea p\u0103rului despre dermatita seboreic\u0103;<\/p>\n<p>Dermatita seboreic\u0103 este o afec\u021biune a pielii care se manifest\u0103 ca pete ro\u0219ii, cu m\u00e2nc\u0103rimi pe piele, de obicei pe scalp, dar \u0219i \u00een jurul spr\u00e2ncenelor, nasului, b\u0103rbiei, pieptului \u0219i \u00een spatele urechilor. Plasturile de piele afectate pot sim\u021bi m\u00e2nc\u0103rimi \u0219i dureri, \u00een plus, pot provoca apari\u021bia fulgilor de piele \u0219i a m\u0103tre\u021bii \u00een locurile afectate de pe scalp. De\u0219i dermatita seboreic\u0103 nu duce \u00eentotdeauna la c\u0103derea p\u0103rului, ea poate fi un factor care contribuie, nu \u00een ultimul r\u00e2nd atunci c\u00e2nd zg\u00e2rierea excesiv\u0103 a zonelor cu m\u00e2nc\u0103rime duce la infec\u021bie sau lezeaz\u0103 foliculii de p\u0103r, compromi\u021b\u00e2ndu-le capacitatea de a produce p\u0103r s\u0103n\u0103tos.<\/p>\n<p>Dermatita seboreic\u0103 poate ar\u0103ta foarte asem\u0103n\u0103toare cu psoriazisul, eczema sau erup\u021biile cutanate cauzate de alergii. Arat\u0103 ro\u0219u pe pielea mai deschis\u0103 \u0219i provoac\u0103 pete mai palide pe pielea mai \u00eentunecat\u0103 \u0219i este adesea \u00eenso\u021bit\u0103 de solzi fulgi. Dac\u0103 sunte\u021bi sau b\u0103nui\u021bi c\u0103 sunte\u021bi afectat de dermatit\u0103 seboreic\u0103, este important s\u0103 v\u0103 consulta\u021bi c\u00e2t mai cur\u00e2nd posibil cu medicul dumneavoastr\u0103 pentru a conveni asupra unui plan de tratament sau pentru a fi trimis la un dermatolog pentru ajutor.<\/p>\n<h2>Cauzele dermatitei seboreice<\/h2>\n<p>Acea problem\u0103 a p\u0103rului \u0219i a scalpului este rezultatul producerii \u0219i excre\u021biei excesive de sebum (o secre\u021bie uleioas\u0103 produs\u0103 de glandele sebacee). Poate fi cauzat\u0103 de o serie de afec\u021biuni \u0219i motive, inclusiv stres, structura genetic\u0103, probleme cu sistemul imunitar, o reac\u021bie la anumite medicamente sau expunerea excesiv\u0103 la condi\u021bii de vreme rece \u0219i uscat\u0103. Nu este cauzat\u0103 de o igien\u0103 proast\u0103, de\u0219i men\u021binerea zonei curate \u0219i s\u0103n\u0103toase poate ajuta la ameliorarea oric\u0103rei m\u00e2nc\u0103rimi \u0219i la reducerea aspectului dermatitei \u00een timp ce este tratat\u0103. Unele afec\u021biuni neurologice \u0219i psihiatrice, cum ar fi boala Parkinson sau depresia, pot fi un factor de risc pentru dezvoltarea dermatitei seboreice pentru unele persoane.<\/p>\n<p>Dermatita seboreic\u0103 este mai frecvent\u0103 la adul\u021bii cu v\u00e2rsta cuprins\u0103 \u00eentre 30 \u0219i 60 de ani, precum \u0219i la nou-n\u0103scu\u021bi (p\u00e2n\u0103 la v\u00e2rsta de trei luni), c\u00e2nd este cunoscut\u0103 mai frecvent sub numele de cradle cap. Este mai proeminent\u0103 \u00een r\u00e2ndul b\u0103rba\u021bilor \u0219i persoanelor cu pielea gras\u0103 \u0219i adesea \u00eenso\u021be\u0219te afec\u021biuni precum acneea, psoriazisul sau rozaceea. Dermatita seboreic\u0103, c\u0103derea p\u0103rului se poate \u00eent\u00e2mpla \u0219i la orice v\u00e2rst\u0103, deoarece este o consecin\u021b\u0103 direct\u0103 a st\u0103rii pielii, precum \u0219i orice zg\u00e2rieturi grele nerecomandate sau atingeri prea des a zonelor afectate.<\/p>\n<h2>Simptomele dermatitei seboreice<\/h2>\n<p>Simptomele dermatitei seboreice \u0219i cheliei dermatitei seboreice tind s\u0103 fie centrate \u00een jurul petelor ro\u0219ii, cu m\u00e2nc\u0103rimi, descuamarea pielii \u0219i c\u0103derea p\u0103rului descrise mai sus. De asemenea, poate duce la durere \u0219i iritare dac\u0103 zona este zg\u00e2riat\u0103 sau atins\u0103 prea des \u0219i poate afecta, de asemenea, bun\u0103starea emo\u021bional\u0103 sau mental\u0103 a unei persoane dac\u0103 este \u00eengrijorat\u0103 sau jenat\u0103 de afec\u021biune sau dac\u0103 aceasta cauzeaz\u0103 pierderea somnului. Vestea bun\u0103 este c\u0103 \u00een mod normal poate fi tratat\u0103 destul de u\u0219or \u0219i rapid, ceea ce ajut\u0103 la oprirea dermatitei seboreice care cauzeaz\u0103 c\u0103derea p\u0103rului pentru majoritatea oamenilor.<\/p>\n<p>Dac\u0103, totu\u0219i, observa\u021bi simptome de c\u0103dere a p\u0103rului sau zone \u00een care p\u0103rul pare s\u0103 se sub\u021bieze sau s\u0103 nu creasc\u0103 la fel de repede sau la fel de bine ca \u00eenainte, exist\u0103 mai multe tratamente disponibile pentru dermatita seboreic\u0103 pentru scalp, special concepute pentru a u\u0219ura simptomele, vindeca starea \u0219i atenueaz\u0103 \u00eengrijor\u0103rile legate de eczeme \u0219i c\u0103derea p\u0103rului. Adresa\u021bi-v\u0103 medicului dumneavoastr\u0103 despre cel mai bun curs de ac\u021biune pentru dvs. \u0219i pune\u021bi \u00eentreb\u0103ri despre dac\u0103 dermatita poate provoca c\u0103derea p\u0103rului \u0219i cum s\u0103 o trata\u021bi pentru a v\u0103 oferi informa\u021biile necesare \u0219i lini\u0219te sufleteasc\u0103.<\/p>\n<h2>Cum se trateaz\u0103 dermatita seboreic\u0103?<\/h2>\n<p>Dermatita seboreic\u0103 se poate limpezi de la sine dac\u0103 este l\u0103sat\u0103 \u00een pace, dar uneori este nevoie de pu\u021bin ajutor suplimentar sau poate dori\u021bi s\u0103 accelera\u021bi procesul de vindecare. Poate fi ceva care se repet\u0103 de-a lungul vie\u021bii sau s-ar putea s\u0103-l experimentezi doar o dat\u0103 sau de dou\u0103 ori. Este o afec\u021biune care poate fi \u021binut\u0103 la distan\u021b\u0103 \u00eentr-o anumit\u0103 m\u0103sur\u0103 cu \u00eengrijire excelent\u0103 a pielii, exfoliere regulat\u0103 pentru a sc\u0103pa de orice celule moarte ale pielii care s-au acumulat \u0219i un stil de via\u021b\u0103 s\u0103n\u0103tos \u0219i o diet\u0103 care con\u021bine o mul\u021bime de vitamina B, biotin\u0103 \u0219i zinc. Exist\u0103, de asemenea, diverse medicamente f\u0103r\u0103 prescrip\u021bie medical\u0103 care v\u0103 pot ajuta, dar dac\u0103 sunte\u021bi \u00eenc\u0103 \u00eengrijorat sau dermatita seboreic\u0103 este deosebit de \u00eenc\u0103p\u0103\u021b\u00e2nat\u0103 sau prolific\u0103, discuta\u021bi cu medicul dumneavoastr\u0103 despre tratamente mai extinse.<\/p>\n<p>Acela\u0219i lucru este valabil \u0219i \u00een cazul \u00een care v\u0103 confrunta\u021bi cu dermatit\u0103 seboreic\u0103 \u0219i c\u0103derea p\u0103rului sau eczema scalpului, deoarece aceasta poate necesita o abordare diferit\u0103. S-ar putea s\u0103 descoperi\u021bi c\u0103 trecerea la un \u0219ampon medicamentos poate ajuta care con\u021bine ingrediente antifungice, precum \u0219i gudron de c\u0103rbune, ketoconazol sau acid salicilic pentru a promova \u00eentinerirea s\u0103n\u0103toas\u0103 a pielii \u0219i cre\u0219terea p\u0103rului. Acest lucru poate ajuta s\u0103 ofere pielii un anumit sprijin \u00een cur\u0103\u021barea dermatitei seboreice \u0219i s\u0103 men\u021bin\u0103 foliculii de p\u0103r mai s\u0103n\u0103to\u0219i \u0219i f\u0103r\u0103 infec\u021bii. Evita\u021bi s\u0103 folosi\u021bi colorant de p\u0103r sau machiaj pe zonele afectate p\u00e2n\u0103 c\u00e2nd acestea se limpezesc. Acest lucru va ajuta la men\u021binerea porilor pielii liberi \u0219i va cur\u0103\u021ba zona pentru a ajuta pielea s\u0103 se vindece. Un medic poate sugera \u0219i tratamente topice antifungice, care s\u0103 fie aplicate sub form\u0103 de crem\u0103.<\/p>\n<p>Bebelu\u0219ii ar trebui s\u0103 aib\u0103 capul \u0219i p\u0103rul \u00een mod regulat \u0219i u\u0219or sp\u0103lat cu ap\u0103 cald\u0103 \u0219i \u0219ampon pentru bebelu\u0219i &#8211; evita\u021bi s\u0103 folosi\u021bi \u0219ampoane specializate pentru dermatit\u0103, concepute pentru adul\u021bi, deoarece acestea pot fi prea puternice pentru pielea delicat\u0103 a sugarilor. Nu culege\u021bi fulgii de piele sau petele cruste, \u00a0freca\u021bi-le prea aspru. Utiliza\u021bi \u00een schimb o perie de p\u0103r pentru bebelu\u0219i cu mi\u0219c\u0103ri u\u0219oare pe zonele afectate. Se crede c\u0103 expunerea la lumina soarelui poate ajuta, a\u0219a c\u0103 petrece\u021bi mult timp \u00een aer liber \u2013 folosind crema solar\u0103 sau protec\u021bia solar\u0103 adecvat\u0103.<\/p>\n","protected":false},"excerpt":{"rendered":"<p>Ce este dermatita seboreic\u0103? \u00cen calitate de echip\u0103 a clinicii HWT, vom discuta despre c\u0103derea p\u0103rului despre dermatita seboreic\u0103; Dermatita seboreic\u0103 este o afec\u021biune a pielii care se manifest\u0103 ca pete ro\u0219ii, cu m\u00e2nc\u0103rimi pe piele, de obicei pe scalp, dar \u0219i \u00een jurul spr\u00e2ncenelor, nasului, b\u0103rbiei, pieptului \u0219i \u00een spatele urechilor. Plasturile de piele [&hellip;]<\/p>\n","protected":false},"author":5,"featured_media":2427,"comment_status":"closed","ping_status":"closed","sticky":false,"template":"","format":"standard","meta":{"footnotes":""},"categories":[642],"tags":[2740,2732,2733,2741,2737,2738,2736,2739,2743,2735,2734,2742],"class_list":["post-4183","post","type-post","status-publish","format-standard","has-post-thumbnail","hentry","category-ro","tag-caderea-parului-saborreica","tag-dermatita-caderea-parului","tag-dermatita-la-par","tag-dermatita-saboreica-caderea-parului","tag-dermatita-saborreica-chelie","tag-dermatita-saborreica-provoaca-caderea-parului","tag-dermatita-saborreica-si-caderea-parului","tag-dermatita-saborreica-tratament-scalp-caderea-parului","tag-dermatita-seboreica-caderea-parului","tag-eczama-la-nivelul-scalpului-caderea-parului","tag-eczama-si-caderea-parului","tag-eczema-scalpului-caderea-parului"],"yoast_head":"<!-- This site is optimized with the Yoast SEO Premium plugin v20.8 (Yoast SEO v27.5) - https:\/\/yoast.com\/product\/yoast-seo-premium-wordpress\/ -->\n<title>Dermatita seboreica Caderea parului | Blogul Clinicii HWT<\/title>\n<meta name=\"description\" content=\"Dermatita seboreic\u0103 este o afec\u021biune a pielii care se manifest\u0103 ca pete ro\u0219ii, cu m\u00e2nc\u0103rimi pe piele, de obicei pe scalp. S\u0103 \u00eencepem s\u0103 citim...\" \/>\n<meta name=\"robots\" content=\"index, follow, max-snippet:-1, max-image-preview:large, max-video-preview:-1\" \/>\n<link rel=\"canonical\" href=\"https:\/\/www.hwtclinic.com\/blog\/ro\/dermatita-seboreica-caderea-parului\/\" \/>\n<meta property=\"og:locale\" content=\"en_US\" \/>\n<meta property=\"og:type\" content=\"article\" \/>\n<meta property=\"og:title\" content=\"Dermatita seboreica Caderea parului\" \/>\n<meta property=\"og:description\" content=\"Dermatita seboreic\u0103 este o afec\u021biune a pielii care se manifest\u0103 ca pete ro\u0219ii, cu m\u00e2nc\u0103rimi pe piele, de obicei pe scalp. S\u0103 \u00eencepem s\u0103 citim...\" \/>\n<meta property=\"og:url\" content=\"https:\/\/www.hwtclinic.com\/blog\/ro\/dermatita-seboreica-caderea-parului\/\" \/>\n<meta property=\"og:site_name\" content=\"Hair Transplant Clinic in Istanbul\" \/>\n<meta property=\"article:publisher\" content=\"https:\/\/www.facebook.com\/hwtclinic\" \/>\n<meta property=\"article:published_time\" content=\"2021-05-23T06:35:32+00:00\" \/>\n<meta property=\"article:modified_time\" content=\"2023-03-06T07:49:09+00:00\" \/>\n<meta property=\"og:image\" content=\"https:\/\/www.hwtclinic.com\/blog\/wp-content\/uploads\/2022\/04\/seborrheic-dermatisis-hair-loss.webp\" \/>\n\t<meta property=\"og:image:width\" content=\"1920\" \/>\n\t<meta property=\"og:image:height\" content=\"1280\" \/>\n\t<meta property=\"og:image:type\" content=\"image\/webp\" \/>\n<meta name=\"author\" content=\"Dr.Muhyeddin Bed\u00fck\" \/>\n<meta name=\"twitter:card\" content=\"summary_large_image\" \/>\n<meta name=\"twitter:creator\" content=\"@hairworldturkey\" \/>\n<meta name=\"twitter:site\" content=\"@hairworldturkey\" \/>\n<meta name=\"twitter:label1\" content=\"Written by\" \/>\n\t<meta name=\"twitter:data1\" content=\"Dr.Muhyeddin Bed\u00fck\" \/>\n\t<meta name=\"twitter:label2\" content=\"Est. reading time\" \/>\n\t<meta name=\"twitter:data2\" content=\"5 minutes\" \/>\n<!-- \/ Yoast SEO Premium plugin. -->","yoast_head_json":{"title":"Dermatita seboreica Caderea parului | Blogul Clinicii HWT","description":"Dermatita seboreic\u0103 este o afec\u021biune a pielii care se manifest\u0103 ca pete ro\u0219ii, cu m\u00e2nc\u0103rimi pe piele, de obicei pe scalp. S\u0103 \u00eencepem s\u0103 citim...","robots":{"index":"index","follow":"follow","max-snippet":"max-snippet:-1","max-image-preview":"max-image-preview:large","max-video-preview":"max-video-preview:-1"},"canonical":"https:\/\/www.hwtclinic.com\/blog\/ro\/dermatita-seboreica-caderea-parului\/","og_locale":"en_US","og_type":"article","og_title":"Dermatita seboreica Caderea parului","og_description":"Dermatita seboreic\u0103 este o afec\u021biune a pielii care se manifest\u0103 ca pete ro\u0219ii, cu m\u00e2nc\u0103rimi pe piele, de obicei pe scalp. S\u0103 \u00eencepem s\u0103 citim...","og_url":"https:\/\/www.hwtclinic.com\/blog\/ro\/dermatita-seboreica-caderea-parului\/","og_site_name":"Hair Transplant Clinic in Istanbul","article_publisher":"https:\/\/www.facebook.com\/hwtclinic","article_published_time":"2021-05-23T06:35:32+00:00","article_modified_time":"2023-03-06T07:49:09+00:00","og_image":[{"width":1920,"height":1280,"url":"https:\/\/www.hwtclinic.com\/blog\/wp-content\/uploads\/2022\/04\/seborrheic-dermatisis-hair-loss.webp","type":"image\/webp"}],"author":"Dr.Muhyeddin Bed\u00fck","twitter_card":"summary_large_image","twitter_creator":"@hairworldturkey","twitter_site":"@hairworldturkey","twitter_misc":{"Written by":"Dr.Muhyeddin Bed\u00fck","Est. reading time":"5 minutes"},"schema":{"@context":"https:\/\/schema.org","@graph":[{"@type":["Article","BlogPosting"],"@id":"https:\/\/www.hwtclinic.com\/blog\/ro\/dermatita-seboreica-caderea-parului\/#article","isPartOf":{"@id":"https:\/\/www.hwtclinic.com\/blog\/ro\/dermatita-seboreica-caderea-parului\/"},"author":{"name":"Dr.Muhyeddin Bed\u00fck","@id":"https:\/\/www.hwtclinic.com\/blog\/#\/schema\/person\/e2eb6dd6f9dea4a1c23ae7b8ea77bf72"},"headline":"Dermatita seboreica Caderea parului","datePublished":"2021-05-23T06:35:32+00:00","dateModified":"2023-03-06T07:49:09+00:00","mainEntityOfPage":{"@id":"https:\/\/www.hwtclinic.com\/blog\/ro\/dermatita-seboreica-caderea-parului\/"},"wordCount":1133,"image":{"@id":"https:\/\/www.hwtclinic.com\/blog\/ro\/dermatita-seboreica-caderea-parului\/#primaryimage"},"thumbnailUrl":"https:\/\/www.hwtclinic.com\/blog\/images\/2022\/04\/seborrheic-dermatisis-hair-loss.webp","keywords":["caderea parului saborreica","dermatita caderea parului","dermatita la par","dermatita saboreica caderea parului","dermatita saborreica chelie","dermatita saborreica provoaca caderea parului","dermatita saborreica si caderea parului","dermatita saborreica tratament scalp caderea parului","dermatita seboreica caderea parului","eczama la nivelul scalpului caderea parului","eczama si caderea parului","eczema scalpului caderea parului"],"articleSection":["Blogul Clinicii HWT"],"inLanguage":"en-US"},{"@type":["WebPage","MedicalWebPage"],"@id":"https:\/\/www.hwtclinic.com\/blog\/ro\/dermatita-seboreica-caderea-parului\/","url":"https:\/\/www.hwtclinic.com\/blog\/ro\/dermatita-seboreica-caderea-parului\/","name":"Dermatita seboreica Caderea parului | Blogul Clinicii HWT","isPartOf":{"@id":"https:\/\/www.hwtclinic.com\/blog\/#website"},"primaryImageOfPage":{"@id":"https:\/\/www.hwtclinic.com\/blog\/ro\/dermatita-seboreica-caderea-parului\/#primaryimage"},"image":{"@id":"https:\/\/www.hwtclinic.com\/blog\/ro\/dermatita-seboreica-caderea-parului\/#primaryimage"},"thumbnailUrl":"https:\/\/www.hwtclinic.com\/blog\/images\/2022\/04\/seborrheic-dermatisis-hair-loss.webp","datePublished":"2021-05-23T06:35:32+00:00","dateModified":"2023-03-06T07:49:09+00:00","author":{"@id":"https:\/\/www.hwtclinic.com\/blog\/#\/schema\/person\/e2eb6dd6f9dea4a1c23ae7b8ea77bf72"},"description":"Dermatita seboreic\u0103 este o afec\u021biune a pielii care se manifest\u0103 ca pete ro\u0219ii, cu m\u00e2nc\u0103rimi pe piele, de obicei pe scalp. S\u0103 \u00eencepem s\u0103 citim...","breadcrumb":{"@id":"https:\/\/www.hwtclinic.com\/blog\/ro\/dermatita-seboreica-caderea-parului\/#breadcrumb"},"inLanguage":"en-US","potentialAction":[{"@type":"ReadAction","target":["https:\/\/www.hwtclinic.com\/blog\/ro\/dermatita-seboreica-caderea-parului\/"]}]},{"@type":"ImageObject","inLanguage":"en-US","@id":"https:\/\/www.hwtclinic.com\/blog\/ro\/dermatita-seboreica-caderea-parului\/#primaryimage","url":"https:\/\/www.hwtclinic.com\/blog\/images\/2022\/04\/seborrheic-dermatisis-hair-loss.webp","contentUrl":"https:\/\/www.hwtclinic.com\/blog\/images\/2022\/04\/seborrheic-dermatisis-hair-loss.webp","width":1920,"height":1280,"caption":"Seborrheic Dermatitis Hair Loss"},{"@type":"BreadcrumbList","@id":"https:\/\/www.hwtclinic.com\/blog\/ro\/dermatita-seboreica-caderea-parului\/#breadcrumb","itemListElement":[{"@type":"ListItem","position":1,"name":"Anasayfa","item":"https:\/\/www.hwtclinic.com\/blog\/"},{"@type":"ListItem","position":2,"name":"Dermatita seboreica Caderea parului"}]},{"@type":"WebSite","@id":"https:\/\/www.hwtclinic.com\/blog\/#website","url":"https:\/\/www.hwtclinic.com\/blog\/","name":"Hair Transplant Clinic in Istanbul","description":"HWT Clinic&#039;s Blog","potentialAction":[{"@type":"SearchAction","target":{"@type":"EntryPoint","urlTemplate":"https:\/\/www.hwtclinic.com\/blog\/?s={search_term_string}"},"query-input":{"@type":"PropertyValueSpecification","valueRequired":true,"valueName":"search_term_string"}}],"inLanguage":"en-US"},{"@type":"Person","@id":"https:\/\/www.hwtclinic.com\/blog\/#\/schema\/person\/e2eb6dd6f9dea4a1c23ae7b8ea77bf72","name":"Dr.Muhyeddin Bed\u00fck","image":{"@type":"ImageObject","inLanguage":"en-US","@id":"https:\/\/www.hwtclinic.com\/blog\/images\/Muhittin-Hoca-96x96.webp","url":"https:\/\/www.hwtclinic.com\/blog\/images\/Muhittin-Hoca-96x96.webp","contentUrl":"https:\/\/www.hwtclinic.com\/blog\/images\/Muhittin-Hoca-96x96.webp","caption":"Dr.Muhyeddin Bed\u00fck"},"description":"He is a board-certified Hair Transplant Doctor specializing in DHI, FUE, and advanced hair restoration procedures.","sameAs":["http:\/\/www.hwtclinic.com"],"jobTitle":"Hair Transplant Doctor","url":"https:\/\/www.hwtclinic.com\/blog\/author\/muhyeddin-beduk\/"}]}},"_links":{"self":[{"href":"https:\/\/www.hwtclinic.com\/blog\/wp-json\/wp\/v2\/posts\/4183","targetHints":{"allow":["GET"]}}],"collection":[{"href":"https:\/\/www.hwtclinic.com\/blog\/wp-json\/wp\/v2\/posts"}],"about":[{"href":"https:\/\/www.hwtclinic.com\/blog\/wp-json\/wp\/v2\/types\/post"}],"author":[{"embeddable":true,"href":"https:\/\/www.hwtclinic.com\/blog\/wp-json\/wp\/v2\/users\/5"}],"replies":[{"embeddable":true,"href":"https:\/\/www.hwtclinic.com\/blog\/wp-json\/wp\/v2\/comments?post=4183"}],"version-history":[{"count":3,"href":"https:\/\/www.hwtclinic.com\/blog\/wp-json\/wp\/v2\/posts\/4183\/revisions"}],"predecessor-version":[{"id":4187,"href":"https:\/\/www.hwtclinic.com\/blog\/wp-json\/wp\/v2\/posts\/4183\/revisions\/4187"}],"wp:featuredmedia":[{"embeddable":true,"href":"https:\/\/www.hwtclinic.com\/blog\/wp-json\/wp\/v2\/media\/2427"}],"wp:attachment":[{"href":"https:\/\/www.hwtclinic.com\/blog\/wp-json\/wp\/v2\/media?parent=4183"}],"wp:term":[{"taxonomy":"category","embeddable":true,"href":"https:\/\/www.hwtclinic.com\/blog\/wp-json\/wp\/v2\/categories?post=4183"},{"taxonomy":"post_tag","embeddable":true,"href":"https:\/\/www.hwtclinic.com\/blog\/wp-json\/wp\/v2\/tags?post=4183"}],"curies":[{"name":"wp","href":"https:\/\/api.w.org\/{rel}","templated":true}]}}